{"id":376,"date":"2016-12-12T12:13:54","date_gmt":"2016-12-12T12:13:54","guid":{"rendered":"http:\/\/aquamarkcr.com\/de\/?p=376"},"modified":"2020-11-17T03:09:32","modified_gmt":"2020-11-17T03:09:32","slug":"endlich-kehrtwende-in-der-pv-politik-costa-ricas","status":"publish","type":"post","link":"https:\/\/www.aquamarkcr.com\/de\/endlich-kehrtwende-in-der-pv-politik-costa-ricas\/","title":{"rendered":"Endlich Kehrtwende in der PV Politik Costa Ricas?"},"content":{"rendered":"<p>Vor ein paar Tagen erschien ein Artikel in der LA NACI\u00d3N, der zu denken gab und hoffen l\u00e4sst. Die seit Jahren stiefm\u00fctterlich behandelte PV in Costa Rica k\u00f6nnte vielleicht schon bald aus dem Schattendasein treten. Wenn auch seit Jahren der Solarverband <a href=\"http:\/\/www.acesolar.org\/\">acesolar<\/a> versucht hat PV hoff\u00e4hig zu machen, so liegen bis heute Vorschl\u00e4ge zu Einspeiseverg\u00fctungen in parlamentarischen Altpapiers\u00e4cken. Vielleicht passiert was im Jahr 2017. Vielleicht auch nicht. Dementsprechend schlecht entwickelt ist auch die Solarbranche &#8211; und das nicht nur in Costa Rica, sondern mehr oder weniger in ganz Zentralamerika. Die Geheimwaffe war und ist die Wasserkraft. Doch mit dem Klimawandel stellen sich mehr und mehr katastrophale D\u00fcrreperioden ein. Niederschl\u00e4ge bleiben aus und gleichzeitig steigt in den &#8222;Warmzeiten&#8220; der Bedarf an Elektrizit\u00e4t zur Versorgung der Klimaanlagen sprunghaft an. In diesem ersten halben Jahr fiel der Wasserspiegel des Arenalstausees 1,5 m unter die vom ICE prognostizierte Marke f\u00fcr den Monat Oktober. Insgesamt ging die Produktion aus Wasserkraftwerken im Vergleich zu 2015 um 4,2% zur\u00fcck. Die Zahlen, die das ICE liefert, sind immer erstaunlich optimistisch. Gleichzeitig sorgt sich das ICE um seine Monopolstellung und verhindert immer noch die Bem\u00fchungen kleinerer Stromlieferanten &#8211; wie z.B. PV Anlagen oder kontert mit der Begrenzung der privat zu installierenden Windkraftanlagen.<\/p>\n<p>Der Arenal-See, ein in den 70er Jahren k\u00fcnstlich angestautes Binnengew\u00e4sser aus dem Rio Macho, hat immerhin eine Fl\u00e4che von 80km\u00b2. Das macht rund 120 Millionen m\u00b3 Wasser weniger, die noch 2015 zur Verf\u00fcgung standen. Nun hat d<span title=\"The Minister of Environment and Energy (Minae), \u00c9dgar Guti\u00e9rrez, warned that Costa Rica must rethink its power generation matrix to prevent its dependence on hydro-power sources from growing.\">er Minister f\u00fcr Umwelt und Energie (MINAE), \u00c9dgar Guti\u00e9rrez, gewarnt, dass die Abh\u00e4ngigkeit von Energie aus Wasserkraft weiter wachsen k\u00f6nnte und ICE aufgefordert die Energieerzeugungsstrategien erneut zu \u00fcberdenken. Nicht nur der steigende Energieverbrauch und weniger Niederschl\u00e4ge sind ein Problem, sondern auch die Kosten f\u00fcr\u00a0 Bau und Instandhaltung von Wasserkraftwerken sind kaum noch \u00fcberschaubar. Ganz abgesehen davon, dass das halbstaatliche ICE mit rund 14.000 Angestellten kurz vor der Pleite steht. Solarenergie scheint nun f\u00fcr den Minister eine gangbare Alternative zu werden. <\/span><\/p>\n<p>Die lange Zeit angefeindete Technologie, \u00fcber die oft schlecht informierte Journalisten ihre Meinung \u00fcber eine &#8222;viel zu teure Technologie&#8220; lamentierten, scheint nun der Rettungsanker zu werden. Erst jetzt sind Ans\u00e4tze zu vernehmen, dass in Costa Rica auch entsprechende Fachkr\u00e4fte ausgebildet werden. Deutschland und Costa Rica hatten im letzten Jahr ein gemeinsames Papier zur dualen Ausbildung unterzeichnet. In der Tat, 5 vor 12 costa ricanischer Zeit. Selbst im Nationalen Institut f\u00fcr Berufliche Bildung war die Ausbildung bis heute nicht dual und die Ausbildung von Elektrofachkr\u00e4ften f\u00fcr das Segment PV eher ein Steckenpferd. Und das bei dem hochgesteckten Ziel Costa Ricas, bis 2021 klimaneutral zu sein!!!<\/p>\n<p>Mit gut ausgebildeten Technikern und einer durch Investoren m\u00f6glichen neuen Preisstruktur &#8211; um die 12 Cent\/kWh &#8211; kann sich vielleicht auch der Verbraucher etwas erholen. Die vom ICE geforderten 19 Cent\/kWh von privaten Haushalten entsprechen dem Preisniveau in Los Angeles (USA). Und da kommt die R\u00fcge gerade an die Richtigen.<\/p>\n<p>&nbsp;<\/p>\n","protected":false},"excerpt":{"rendered":"<p>Vor ein paar Tagen erschien ein Artikel in der LA NACI\u00d3N, der zu denken gab und hoffen l\u00e4sst. Die seit Jahren stiefm\u00fctterlich behandelte PV in Costa Rica k\u00f6nnte vielleicht schon bald aus dem Schattendasein treten. Wenn auch seit Jahren der Solarverband acesolar versucht hat PV hoff\u00e4hig zu machen, so liegen bis heute Vorschl\u00e4ge zu Einspeiseverg\u00fctungen [&hellip;]<\/p>\n","protected":false},"author":3,"featured_media":380,"comment_status":"closed","ping_status":"closed","sticky":false,"template":"","format":"standard","meta":[],"categories":[5],"tags":[],"_links":{"self":[{"href":"https:\/\/www.aquamarkcr.com\/de\/wp-json\/wp\/v2\/posts\/376"}],"collection":[{"href":"https:\/\/www.aquamarkcr.com\/de\/wp-json\/wp\/v2\/posts"}],"about":[{"href":"https:\/\/www.aquamarkcr.com\/de\/wp-json\/wp\/v2\/types\/post"}],"author":[{"embeddable":true,"href":"https:\/\/www.aquamarkcr.com\/de\/wp-json\/wp\/v2\/users\/3"}],"replies":[{"embeddable":true,"href":"https:\/\/www.aquamarkcr.com\/de\/wp-json\/wp\/v2\/comments?post=376"}],"version-history":[{"count":6,"href":"https:\/\/www.aquamarkcr.com\/de\/wp-json\/wp\/v2\/posts\/376\/revisions"}],"predecessor-version":[{"id":402,"href":"https:\/\/www.aquamarkcr.com\/de\/wp-json\/wp\/v2\/posts\/376\/revisions\/402"}],"wp:featuredmedia":[{"embeddable":true,"href":"https:\/\/www.aquamarkcr.com\/de\/wp-json\/wp\/v2\/media\/380"}],"wp:attachment":[{"href":"https:\/\/www.aquamarkcr.com\/de\/wp-json\/wp\/v2\/media?parent=376"}],"wp:term":[{"taxonomy":"category","embeddable":true,"href":"https:\/\/www.aquamarkcr.com\/de\/wp-json\/wp\/v2\/categories?post=376"},{"taxonomy":"post_tag","embeddable":true,"href":"https:\/\/www.aquamarkcr.com\/de\/wp-json\/wp\/v2\/tags?post=376"}],"curies":[{"name":"wp","href":"https:\/\/api.w.org\/{rel}","templated":true}]}}